{"provider_url": "https://www.paudarcodopiaui.pi.leg.br", "title": "Nova Mesa Diretora toma posse na C\u00e2mara Municipal de Pau D\u2019Arco do Piau\u00ed", "html": "<p><strong>Pau D\u2019Arco do Piau\u00ed, 1\u00ba de janeiro de 2025</strong> \u2013 Em uma solenidade marcada por f\u00e9, democracia e compromisso com o povo pau-darquense, tomaram posse neste 1\u00ba de janeiro os vereadores eleitos, o prefeito <strong>Antonio Milton de Abreu Passos</strong> e o vice-prefeito <strong>Antonio Lima Bacelar</strong>, para a nova legislatura do munic\u00edpio. A cerim\u00f4nia aconteceu na <strong>C\u00e2mara Municipal de Pau D\u2019Arco do Piau\u00ed</strong>, logo ap\u00f3s uma programa\u00e7\u00e3o religiosa iniciada na noite anterior.</p>\r\n<p>A agenda teve in\u00edcio no <strong>dia 31 de dezembro</strong>, \u00e0s 20h, com <em>missa em a\u00e7\u00e3o de gra\u00e7as</em> na Igreja Matriz de Nossa Senhora de F\u00e1tima, seguida por <em>culto evang\u00e9lico</em> \u00e0s 21h30, na Igreja Assembleia de Deus. J\u00e1 na virada do ano, por volta das <strong>00h10</strong>, aconteceu a posse dos vereadores eleitos na sede da C\u00e2mara.</p>\r\n<p>Na sequ\u00eancia, foi realizada a <strong>elei\u00e7\u00e3o da nova Mesa Diretora</strong> da C\u00e2mara Municipal. Com <em>chapa \u00fanica</em>, o vereador <strong>Leonardo Sime\u00e3o (PT)</strong> foi eleito presidente da Casa para o novo bi\u00eanio, com <strong>06 votos favor\u00e1veis</strong>, <strong>01 voto contr\u00e1rio</strong> e <strong>01 absten\u00e7\u00e3o</strong>.</p>\r\n<p><strong>Nova Mesa Diretora:</strong></p>\r\n<ul>\r\n<li><strong>Presidente:</strong> Leonardo Sime\u00e3o (PT)</li>\r\n<li><strong>Vice-Presidente:</strong> [Inserir nome]</li>\r\n<li><strong>1\u00ba Secret\u00e1rio:</strong> [Inserir nome]</li>\r\n<li><strong>2\u00ba Secret\u00e1rio:</strong> [Inserir nome]</li>\r\n</ul>\r\n<p>Ap\u00f3s a elei\u00e7\u00e3o da Mesa Diretora, foi realizada a <strong>posse do prefeito eleito, Antonio Milton de Abreu Passos</strong>, juntamente com seu <strong>vice-prefeito reeleito, Antonio Lima Bacelar</strong>. O ex-prefeito <strong>Nilton Bacelar</strong> fez a <strong>entrega simb\u00f3lica da chave da cidade</strong> ao novo chefe do Executivo.</p>\r\n<p>O presidente da C\u00e2mara, Leonardo Sime\u00e3o, agradeceu a confian\u00e7a dos colegas parlamentares e destacou seu compromisso com uma gest\u00e3o transparente e participativa:</p>\r\n<blockquote>\u201cVamos fazer uma gest\u00e3o que respeite a popula\u00e7\u00e3o e garanta o bom funcionamento do Legislativo Municipal, com responsabilidade e proximidade com o povo.\u201d</blockquote>\r\n<p>A solenidade foi encerrada com um momento de confraterniza\u00e7\u00e3o no <strong>Gin\u00e1sio Poliesportivo Jailson Rosa Martins</strong>, reunindo a comunidade e autoridades locais.</p>\r\n<h3>\ud83d\udcf8 Confira alguns registros do evento:</h3>\r\n<ul>\r\n<li>Posse dos vereadores na C\u00e2mara<img src=\"https://www.paudarcodopiaui.pi.leg.br/imagens/WhatsAppImage20250407at11.20.212.jpeg\" alt=\"\" class=\"image-inline\" title=\"\" /><img src=\"https://www.paudarcodopiaui.pi.leg.br/imagens/WhatsAppImage20250407at11.20.211.jpeg\" alt=\"\" class=\"image-inline\" title=\"\" /><img src=\"https://www.paudarcodopiaui.pi.leg.br/imagens/WhatsAppImage20250407at11.20.213.jpeg\" alt=\"\" class=\"image-inline\" title=\"\" /></li>\r\n<li>Elei\u00e7\u00e3o da Mesa Diretora<img src=\"https://www.paudarcodopiaui.pi.leg.br/imagens/WhatsAppImage20250407at11.16.221.jpeg\" alt=\"\" class=\"image-inline\" title=\"\" /></li>\r\n<li>Prefeito e vice empossados<img src=\"https://www.paudarcodopiaui.pi.leg.br/imagens/WhatsAppImage20250407at11.16.212.jpeg\" alt=\"\" class=\"image-inline\" title=\"\" /></li>\r\n<li>Entrega da chave da cidade<img src=\"https://www.paudarcodopiaui.pi.leg.br/imagens/WhatsAppImage20250407at11.16.212.jpeg\" alt=\"\" class=\"image-inline\" title=\"\" /></li>\r\n<li>Discurso do novo presidente<img src=\"https://www.paudarcodopiaui.pi.leg.br/imagens/WhatsAppImage20250407at11.16.211.jpeg\" alt=\"\" class=\"image-inline\" title=\"\" /></li>\r\n</ul>", "author_name": "Interlegis", "version": "1.0", "author_url": "https://www.paudarcodopiaui.pi.leg.br/author/Interlegis", "provider_name": "C\u00e2mara Municipal de Pau D'arco do Piau\u00ed", "type": "rich"}